{"id":1231,"date":"2025-07-06T22:19:21","date_gmt":"2025-07-06T20:19:21","guid":{"rendered":"https:\/\/www.diebilderwerkstatt-dsk.de\/?p=1231"},"modified":"2025-07-11T20:17:27","modified_gmt":"2025-07-11T18:17:27","slug":"die-bilderwerkstatt-ist-dienstag-08-06-25-und-mittwoch-09-06-25-geschlossen","status":"publish","type":"post","link":"https:\/\/www.diebilderwerkstatt-dsk.de\/index.php\/2025\/07\/06\/die-bilderwerkstatt-ist-dienstag-08-06-25-und-mittwoch-09-06-25-geschlossen\/","title":{"rendered":"Die Bilderwerkstatt ist Dienstag, 08.06.25 und Mittwoch 09.06.25 geschlossen"},"content":{"rendered":"<p>Die Bilderwerkstatt ist Dienstag, 08.06.25 und Mittwoch 09.06.2025 geschlossen.<\/p>\n<p>Ab Donnerstag bin ich wie gewohnt ab 14:00 Uhr wieder f\u00fcr Sie da.<\/p>\n<p>Vielen Dank f\u00fcr Ihr Verst\u00e4ndnis.<\/p>\n<p>Dorothea Kubik<\/p>\n<p>&nbsp;<\/p>\n<p>&nbsp;<\/p>\n<p>&nbsp;<\/p>\n","protected":false},"excerpt":{"rendered":"<p>Die Bilderwerkstatt ist Dienstag, 08.06.25 und Mittwoch 09.06.2025 geschlossen. Ab Donnerstag bin ich wie gewohnt ab 14:00 Uhr wieder f\u00fcr Sie da. Vielen Dank f\u00fcr Ihr Verst\u00e4ndnis. Dorothea Kubik &nbsp; &nbsp; &nbsp;<\/p>\n","protected":false},"author":1,"featured_media":0,"comment_status":"closed","ping_status":"closed","sticky":false,"template":"","format":"standard","meta":{"footnotes":""},"categories":[1],"tags":[],"class_list":["post-1231","post","type-post","status-publish","format-standard","hentry","category-allgemein"],"_links":{"self":[{"href":"https:\/\/www.diebilderwerkstatt-dsk.de\/index.php\/wp-json\/wp\/v2\/posts\/1231","targetHints":{"allow":["GET"]}}],"collection":[{"href":"https:\/\/www.diebilderwerkstatt-dsk.de\/index.php\/wp-json\/wp\/v2\/posts"}],"about":[{"href":"https:\/\/www.diebilderwerkstatt-dsk.de\/index.php\/wp-json\/wp\/v2\/types\/post"}],"author":[{"embeddable":true,"href":"https:\/\/www.diebilderwerkstatt-dsk.de\/index.php\/wp-json\/wp\/v2\/users\/1"}],"replies":[{"embeddable":true,"href":"https:\/\/www.diebilderwerkstatt-dsk.de\/index.php\/wp-json\/wp\/v2\/comments?post=1231"}],"version-history":[{"count":2,"href":"https:\/\/www.diebilderwerkstatt-dsk.de\/index.php\/wp-json\/wp\/v2\/posts\/1231\/revisions"}],"predecessor-version":[{"id":1243,"href":"https:\/\/www.diebilderwerkstatt-dsk.de\/index.php\/wp-json\/wp\/v2\/posts\/1231\/revisions\/1243"}],"wp:attachment":[{"href":"https:\/\/www.diebilderwerkstatt-dsk.de\/index.php\/wp-json\/wp\/v2\/media?parent=1231"}],"wp:term":[{"taxonomy":"category","embeddable":true,"href":"https:\/\/www.diebilderwerkstatt-dsk.de\/index.php\/wp-json\/wp\/v2\/categories?post=1231"},{"taxonomy":"post_tag","embeddable":true,"href":"https:\/\/www.diebilderwerkstatt-dsk.de\/index.php\/wp-json\/wp\/v2\/tags?post=1231"}],"curies":[{"name":"wp","href":"https:\/\/api.w.org\/{rel}","templated":true}]}}