{"id":270,"date":"2023-01-30T00:22:56","date_gmt":"2023-01-29T23:22:56","guid":{"rendered":"https:\/\/www.diebilderwerkstatt-dsk.de\/?p=270"},"modified":"2023-04-18T21:27:54","modified_gmt":"2023-04-18T19:27:54","slug":"28-04-2023-1900-uhr-vernissage-kipp-lenkeit-klink","status":"publish","type":"post","link":"https:\/\/www.diebilderwerkstatt-dsk.de\/index.php\/2023\/01\/30\/28-04-2023-1900-uhr-vernissage-kipp-lenkeit-klink\/","title":{"rendered":"28.04.2023 um 19:00 Uhr Vernissage M.Kipp-Lenkeit &#038; W.Klink in der neuen Galerie kubiKunst der Bilderwerkstatt."},"content":{"rendered":"<div class=\"fusion-fullwidth fullwidth-box fusion-builder-row-1 fusion-flex-container nonhundred-percent-fullwidth non-hundred-percent-height-scrolling\" style=\"--awb-border-radius-top-left:0px;--awb-border-radius-top-right:0px;--awb-border-radius-bottom-right:0px;--awb-border-radius-bottom-left:0px;\" ><div class=\"fusion-builder-row fusion-row fusion-flex-align-items-flex-start\" style=\"max-width:1352px;margin-left: calc(-4% \/ 2 );margin-right: calc(-4% \/ 2 );\"><div class=\"fusion-layout-column fusion_builder_column fusion-builder-column-0 fusion_builder_column_1_1 1_1 fusion-flex-column\" style=\"--awb-bg-blend:overlay;--awb-bg-size:cover;--awb-width-large:100%;--awb-margin-top-large:0px;--awb-spacing-right-large:1.92%;--awb-margin-bottom-large:0px;--awb-spacing-left-large:1.92%;--awb-width-medium:100%;--awb-order-medium:0;--awb-spacing-right-medium:1.92%;--awb-spacing-left-medium:1.92%;--awb-width-small:100%;--awb-order-small:0;--awb-spacing-right-small:1.92%;--awb-spacing-left-small:1.92%;\"><div class=\"fusion-column-wrapper fusion-column-has-shadow fusion-flex-justify-content-flex-start fusion-content-layout-block\"><div class=\"fusion-text fusion-text-1\"><p>28.04.23<\/p>\n<p><strong>Die Bilderwerkstatt, <\/strong><strong>Galerie<\/strong> <strong>kubi<\/strong><strong>K<\/strong><strong>unst<\/strong><\/p>\n<p>Margarete Kipp-Lenkeit &amp; Wolfgang Klink<\/p>\n<p>\u201eFantasie trifft Geometrie\u201c<\/p>\n<p>28.04. \u2013 30.09.2023<\/p>\n<p>Mit dieser Doppelausstellung erweitert die Bildeinrahmerin Dorothea Kubik ihre Bilderwerkstatt zur Galerie f\u00fcr zeitgen\u00f6ssische Kunst. F\u00fcr diese Ausstellung konnte sie die beiden Kunstschaffenden Margarete Kipp-Lenkeit, Hechingen und Wolfgang Klink, M\u00f6ssingen gewinnen.<\/p>\n<p>Margarete Kipp-Lenkeit zeigt zum ersten Mal Ihre Arbeiten der \u00d6ffentlichkeit. Die langj\u00e4hrige erste Vorsitzende des Kulturvereins Hechingen-Villa Eugenia e.V. widmet sich seit vielen Jahren und mit gro\u00dfer Leidenschaft der Malerei mit Pigmenten. Der Zugang zu dieser urbanen Malerei erfuhr sie in den Malkursen bei Andrea Gau\u00df, T\u00fcbingen und weiteren Kursen bei namhaften K\u00fcnstlerinnen und K\u00fcnstlern. Ihre Arbeiten dr\u00fccken eine fantasievolle Farbfr\u00f6hlichkeit aus, die mit zarten Tuschelinien scheinbar unterbrochen werden.<\/p>\n<p>Wolfgang Klink pr\u00e4sentiert in dieser Ausstellung neben geometrischen Arbeiten auf Leinwand, Papier und Kuben seine neuen Schriftbilder.<\/p>\n<p>Die Werke werden auch in den Ausstellungsfenstern in der Falltorstra\u00dfe 15, in M\u00f6ssingen und in der Haaggasse 32 B, in T\u00fcbingen gezeigt.<\/p>\n<p>Zur Ausstellung erscheint ein Katalog<\/p>\n<p>Er\u00f6ffnung: 28. April 2023, 19:00 Uhr<\/p>\n<p>Begr\u00fc\u00dfung: Oberb\u00fcrgermeister Michael Bulander<\/p>\n<p>Einf\u00fchrung: Prof. Dr. Christoph Fasel<\/p>\n<p>Musik: Wolfgang Fries<\/p>\n<p>Der Eintritt ist frei<\/p>\n<\/div><div class=\"fusion-image-element in-legacy-container\" style=\"--awb-caption-title-size:var(--h2_typography-font-size);--awb-caption-title-transform:var(--h2_typography-text-transform);--awb-caption-title-line-height:var(--h2_typography-line-height);--awb-caption-title-letter-spacing:var(--h2_typography-letter-spacing);\"><span class=\" fusion-imageframe imageframe-none imageframe-1 hover-type-none\"><img decoding=\"async\" width=\"1169\" height=\"1653\" title=\"20230309_Plakat_A3\" src=\"https:\/\/www.diebilderwerkstatt-dsk.de\/wp-content\/uploads\/2023\/01\/20230309_Plakat_klein.jpg\" alt class=\"img-responsive wp-image-521\" srcset=\"https:\/\/www.diebilderwerkstatt-dsk.de\/wp-content\/uploads\/2023\/01\/20230309_Plakat_klein-200x283.jpg 200w, https:\/\/www.diebilderwerkstatt-dsk.de\/wp-content\/uploads\/2023\/01\/20230309_Plakat_klein-400x566.jpg 400w, https:\/\/www.diebilderwerkstatt-dsk.de\/wp-content\/uploads\/2023\/01\/20230309_Plakat_klein-600x848.jpg 600w, https:\/\/www.diebilderwerkstatt-dsk.de\/wp-content\/uploads\/2023\/01\/20230309_Plakat_klein-800x1131.jpg 800w, https:\/\/www.diebilderwerkstatt-dsk.de\/wp-content\/uploads\/2023\/01\/20230309_Plakat_klein.jpg 1169w\" sizes=\"(max-width: 640px) 100vw, 1169px\" \/><\/span><\/div><\/div><\/div><\/div><\/div>\n","protected":false},"excerpt":{"rendered":"","protected":false},"author":1,"featured_media":0,"comment_status":"closed","ping_status":"closed","sticky":false,"template":"","format":"standard","meta":{"footnotes":""},"categories":[1],"tags":[],"class_list":["post-270","post","type-post","status-publish","format-standard","hentry","category-allgemein"],"_links":{"self":[{"href":"https:\/\/www.diebilderwerkstatt-dsk.de\/index.php\/wp-json\/wp\/v2\/posts\/270","targetHints":{"allow":["GET"]}}],"collection":[{"href":"https:\/\/www.diebilderwerkstatt-dsk.de\/index.php\/wp-json\/wp\/v2\/posts"}],"about":[{"href":"https:\/\/www.diebilderwerkstatt-dsk.de\/index.php\/wp-json\/wp\/v2\/types\/post"}],"author":[{"embeddable":true,"href":"https:\/\/www.diebilderwerkstatt-dsk.de\/index.php\/wp-json\/wp\/v2\/users\/1"}],"replies":[{"embeddable":true,"href":"https:\/\/www.diebilderwerkstatt-dsk.de\/index.php\/wp-json\/wp\/v2\/comments?post=270"}],"version-history":[{"count":13,"href":"https:\/\/www.diebilderwerkstatt-dsk.de\/index.php\/wp-json\/wp\/v2\/posts\/270\/revisions"}],"predecessor-version":[{"id":522,"href":"https:\/\/www.diebilderwerkstatt-dsk.de\/index.php\/wp-json\/wp\/v2\/posts\/270\/revisions\/522"}],"wp:attachment":[{"href":"https:\/\/www.diebilderwerkstatt-dsk.de\/index.php\/wp-json\/wp\/v2\/media?parent=270"}],"wp:term":[{"taxonomy":"category","embeddable":true,"href":"https:\/\/www.diebilderwerkstatt-dsk.de\/index.php\/wp-json\/wp\/v2\/categories?post=270"},{"taxonomy":"post_tag","embeddable":true,"href":"https:\/\/www.diebilderwerkstatt-dsk.de\/index.php\/wp-json\/wp\/v2\/tags?post=270"}],"curies":[{"name":"wp","href":"https:\/\/api.w.org\/{rel}","templated":true}]}}